{"id":2101,"date":"2021-10-22T09:40:24","date_gmt":"2021-10-22T07:40:24","guid":{"rendered":"https:\/\/koiliako.com\/paccheri-farcits-de-bolonyesa-gratinats\/"},"modified":"2021-10-22T09:40:26","modified_gmt":"2021-10-22T07:40:26","slug":"paccheri-farcits-de-bolonyesa-gratinats","status":"publish","type":"post","link":"https:\/\/koiliako.com\/ca\/paccheri-farcits-de-bolonyesa-gratinats\/","title":{"rendered":"Paccheri farcits de bolonyesa gratinats"},"content":{"rendered":"\n<p>Avui aprendr\u00e0s a preparar aquest magn\u00edfic past\u00eds de paccheri sense gluten farcits de bolonyesa gratinats.<\/p>\n\n<p>Deixa bocabadats als teus convidats\/es! \ud83d\ude32<\/p>\n\n<figure class=\"wp-block-gallery columns-2 is-cropped wp-block-gallery-1 is-layout-flex wp-block-gallery-is-layout-flex\"><ul class=\"blocks-gallery-grid\"><li class=\"blocks-gallery-item\"><figure><img decoding=\"async\" src=\"blob:https:\/\/koiliako.com\/3e3c2565-d419-494a-8797-1cc6a94b9790\" data-id=\"\"\/><\/figure><\/li><li class=\"blocks-gallery-item\"><figure><img decoding=\"async\" src=\"blob:https:\/\/koiliako.com\/a7e5b4ca-a833-4375-a09a-faded1be4ff4\" data-id=\"\"\/><\/figure><\/li><\/ul><\/figure>\n\n<p><strong>Ingredients<\/strong> (per a dues persones)<\/p>\n\n<ul class=\"wp-block-list\"><li>Morelli Paccheri Bio sense gluten (18 unitats) <\/li><li>200 g carn picada <\/li><li>50 g tom\u00e0quet triturat<\/li><li>\u00bc pebrot vermell<\/li><li>1 pastanaga<\/li><li>\u00bd ceba <\/li><li>1 all<\/li><li>50 ml vi blanc<\/li><li>1 got d&#8217;aigua <\/li><li>50 g mozzarella <\/li><li>Oli d&#8217;oliva<\/li><li>Sal<\/li><li>Sucre<\/li><li>Orenga<\/li><\/ul>\n\n<p><strong>Preparaci\u00f3:<\/strong><\/p>\n\n<ul class=\"wp-block-list\"><li>Comencem tallant a trossos molt petits la pastanaga, el pebrot vermell, la ceba i l&#8217;all.<\/li><li>Posem un raig d&#8217;oli d&#8217;oliva en una paella i afegim les hortalisses a foc lent (primer la ceba, despr\u00e9s la pastanaga i el pebrot vermell i finalment l&#8217;all). Durant uns 10 minuts.<\/li><li>Afegim la carn picada i esperarem fins que canvi\u00ef de color. <\/li><li>Seguidament agreguem el vi blanc i deixem que s&#8217;evapori mentre removem.<\/li><li>Agreguem el tom\u00e0quet triturat amb una mica de sucre i el got d&#8217;aigua.<\/li><li>Ho deixem que es cuini durant 20-30 minuts fins que veiem que ja est\u00e0 a punt per a servir. Posem sal al gust.<\/li><li>Mentre deixem que es faci la bolonyesa, posem a coure els Paccheri en una olla amb una mica de sal.<\/li><li>Preescalfar el forn a 180\u00ba en mode gratinar.<\/li><li>Quan els paccheri estiguin cuits, els escorrem i els posem en un recipient (que pugui anar en el forn).<\/li><li>Farcim els paccheri amb la salsa bolonyesa (amb l&#8217;ajuda d&#8217;una cullera petita).<\/li><li>Posem una mica de mozzarella per damunt i orenga.<\/li><li>Finalment, posem els paccheri en el forn i els gratinem.<\/li><\/ul>\n<div data-block-name=\"woocommerce\/featured-product\" data-edit-mode=\"false\" data-product-id=\"353\" class=\"wc-block-featured-product alignnone has-background-dim wp-block-woocommerce-featured-product\" style=\"min-height:500px;\"><div class=\"wc-block-featured-product__wrapper\"><div class=\"background-dim__overlay\" style=\"background-color: #000000\"><\/div><img decoding=\"async\" alt=\"PACCHERI BIO DE MA\u00cdZ Y ARROZ SIN GLUTEN (250g) Morelli\" class=\"wc-block-featured-product__background-image\" src=\"https:\/\/koiliako.com\/wp-content\/uploads\/2021\/01\/Paccheri-morelli-3-1024x982.jpg\" style=\"object-fit: none;object-position: 50% 50%;\" \/><h2 class=\"wc-block-featured-product__title\">PACCHERI BIO DE MA\u00cdZ Y ARROZ SIN GLUTEN (250g) Morelli<\/h2><div class=\"wc-block-featured-product__description\"><p>Pasta sin gluten Bio en forma de tubo muy grande. Hecha con ma\u00edz y arroz, geniales para salsas a base de carne.<\/p>\n<\/div><div class=\"wc-block-featured-product__price\"><span class=\"woocommerce-Price-amount amount\">3,13<span class=\"woocommerce-Price-currencySymbol\">&euro;<\/span><\/span> <small class=\"woocommerce-price-suffix\">IVA incluido<\/small><\/div><\/div><\/div>","protected":false},"excerpt":{"rendered":"<p>Avui aprendr\u00e0s a preparar aquest magn\u00edfic past\u00eds de paccheri sense gluten farcits de bolonyesa gratinats. Deixa bocabadats als teus convidats\/es! \ud83d\ude32 Ingredients (per a dues persones) Morelli Paccheri Bio sense gluten (18 unitats) 200 g carn picada 50 g tom\u00e0quet triturat \u00bc pebrot vermell 1 pastanaga \u00bd ceba 1 all 50 ml vi blanc 1 [&hellip;]<\/p>\n","protected":false},"author":7,"featured_media":2092,"comment_status":"closed","ping_status":"closed","sticky":false,"template":"","format":"standard","meta":{"_et_pb_use_builder":"off","_et_pb_old_content":"","_et_gb_content_width":"","inline_featured_image":false,"footnotes":""},"categories":[298],"tags":[368],"class_list":["post-2101","post","type-post","status-publish","format-standard","has-post-thumbnail","hentry","category-receptes","tag-paccheri-ca"],"yoast_head":"<!-- This site is optimized with the Yoast SEO plugin v25.3.1 - https:\/\/yoast.com\/wordpress\/plugins\/seo\/ -->\n<title>Paccheri farcits de bolonyesa gratinats - Koilia ko<\/title>\n<meta name=\"description\" content=\"Pren-te una petita alegria amb aquesta bon\u00edssima recepta amb Paccheri sense gluten de Morelli farcits de bolonyesa.\" \/>\n<meta name=\"robots\" content=\"index, follow, max-snippet:-1, max-image-preview:large, max-video-preview:-1\" \/>\n<link rel=\"canonical\" href=\"https:\/\/koiliako.com\/ca\/paccheri-farcits-de-bolonyesa-gratinats\/\" \/>\n<meta property=\"og:locale\" content=\"ca_ES\" \/>\n<meta property=\"og:type\" content=\"article\" \/>\n<meta property=\"og:title\" content=\"Paccheri farcits de bolonyesa gratinats - Koilia ko\" \/>\n<meta property=\"og:description\" content=\"Pren-te una petita alegria amb aquesta bon\u00edssima recepta amb Paccheri sense gluten de Morelli farcits de bolonyesa.\" \/>\n<meta property=\"og:url\" content=\"https:\/\/koiliako.com\/ca\/paccheri-farcits-de-bolonyesa-gratinats\/\" \/>\n<meta property=\"og:site_name\" content=\"Koilia ko\" \/>\n<meta property=\"article:publisher\" content=\"https:\/\/www.facebook.com\/koiliako.shop\" \/>\n<meta property=\"article:published_time\" content=\"2021-10-22T07:40:24+00:00\" \/>\n<meta property=\"article:modified_time\" content=\"2021-10-22T07:40:26+00:00\" \/>\n<meta property=\"og:image\" content=\"https:\/\/koiliako.com\/wp-content\/uploads\/2021\/10\/04-13.jpg\" \/>\n\t<meta property=\"og:image:width\" content=\"1936\" \/>\n\t<meta property=\"og:image:height\" content=\"1936\" \/>\n\t<meta property=\"og:image:type\" content=\"image\/jpeg\" \/>\n<meta name=\"author\" content=\"Marta V\u00e1zquez\" \/>\n<meta name=\"twitter:card\" content=\"summary_large_image\" \/>\n<meta name=\"twitter:label1\" content=\"Escrit per\" \/>\n\t<meta name=\"twitter:data1\" content=\"Marta V\u00e1zquez\" \/>\n\t<meta name=\"twitter:label2\" content=\"Temps estimat de lectura\" \/>\n\t<meta name=\"twitter:data2\" content=\"1 minut\" \/>\n<script type=\"application\/ld+json\" class=\"yoast-schema-graph\">{\"@context\":\"https:\/\/schema.org\",\"@graph\":[{\"@type\":\"Article\",\"@id\":\"https:\/\/koiliako.com\/ca\/paccheri-farcits-de-bolonyesa-gratinats\/#article\",\"isPartOf\":{\"@id\":\"https:\/\/koiliako.com\/ca\/paccheri-farcits-de-bolonyesa-gratinats\/\"},\"author\":{\"name\":\"Marta V\u00e1zquez\",\"@id\":\"https:\/\/koiliako.com\/ca\/#\/schema\/person\/50e4111b3e7d7b6a9535f0a238a7cc8b\"},\"headline\":\"Paccheri farcits de bolonyesa gratinats\",\"datePublished\":\"2021-10-22T07:40:24+00:00\",\"dateModified\":\"2021-10-22T07:40:26+00:00\",\"mainEntityOfPage\":{\"@id\":\"https:\/\/koiliako.com\/ca\/paccheri-farcits-de-bolonyesa-gratinats\/\"},\"wordCount\":248,\"publisher\":{\"@id\":\"https:\/\/koiliako.com\/ca\/#organization\"},\"image\":{\"@id\":\"https:\/\/koiliako.com\/ca\/paccheri-farcits-de-bolonyesa-gratinats\/#primaryimage\"},\"thumbnailUrl\":\"https:\/\/koiliako.com\/wp-content\/uploads\/2021\/10\/04-13.jpg\",\"keywords\":[\"paccheri\"],\"articleSection\":[\"Receptes\"],\"inLanguage\":\"ca\"},{\"@type\":\"WebPage\",\"@id\":\"https:\/\/koiliako.com\/ca\/paccheri-farcits-de-bolonyesa-gratinats\/\",\"url\":\"https:\/\/koiliako.com\/ca\/paccheri-farcits-de-bolonyesa-gratinats\/\",\"name\":\"Paccheri farcits de bolonyesa gratinats - Koilia ko\",\"isPartOf\":{\"@id\":\"https:\/\/koiliako.com\/ca\/#website\"},\"primaryImageOfPage\":{\"@id\":\"https:\/\/koiliako.com\/ca\/paccheri-farcits-de-bolonyesa-gratinats\/#primaryimage\"},\"image\":{\"@id\":\"https:\/\/koiliako.com\/ca\/paccheri-farcits-de-bolonyesa-gratinats\/#primaryimage\"},\"thumbnailUrl\":\"https:\/\/koiliako.com\/wp-content\/uploads\/2021\/10\/04-13.jpg\",\"datePublished\":\"2021-10-22T07:40:24+00:00\",\"dateModified\":\"2021-10-22T07:40:26+00:00\",\"description\":\"Pren-te una petita alegria amb aquesta bon\u00edssima recepta amb Paccheri sense gluten de Morelli farcits de bolonyesa.\",\"breadcrumb\":{\"@id\":\"https:\/\/koiliako.com\/ca\/paccheri-farcits-de-bolonyesa-gratinats\/#breadcrumb\"},\"inLanguage\":\"ca\",\"potentialAction\":[{\"@type\":\"ReadAction\",\"target\":[\"https:\/\/koiliako.com\/ca\/paccheri-farcits-de-bolonyesa-gratinats\/\"]}]},{\"@type\":\"ImageObject\",\"inLanguage\":\"ca\",\"@id\":\"https:\/\/koiliako.com\/ca\/paccheri-farcits-de-bolonyesa-gratinats\/#primaryimage\",\"url\":\"https:\/\/koiliako.com\/wp-content\/uploads\/2021\/10\/04-13.jpg\",\"contentUrl\":\"https:\/\/koiliako.com\/wp-content\/uploads\/2021\/10\/04-13.jpg\",\"width\":1936,\"height\":1936,\"caption\":\"paccheri con bolo\u00f1esa\"},{\"@type\":\"BreadcrumbList\",\"@id\":\"https:\/\/koiliako.com\/ca\/paccheri-farcits-de-bolonyesa-gratinats\/#breadcrumb\",\"itemListElement\":[{\"@type\":\"ListItem\",\"position\":1,\"name\":\"Portada\",\"item\":\"https:\/\/koiliako.com\/ca\/home\/\"},{\"@type\":\"ListItem\",\"position\":2,\"name\":\"Paccheri farcits de bolonyesa gratinats\"}]},{\"@type\":\"WebSite\",\"@id\":\"https:\/\/koiliako.com\/ca\/#website\",\"url\":\"https:\/\/koiliako.com\/ca\/\",\"name\":\"Koilia ko\",\"description\":\"La teva botiga de pastes i sales sense gluten\",\"publisher\":{\"@id\":\"https:\/\/koiliako.com\/ca\/#organization\"},\"potentialAction\":[{\"@type\":\"SearchAction\",\"target\":{\"@type\":\"EntryPoint\",\"urlTemplate\":\"https:\/\/koiliako.com\/ca\/?s={search_term_string}\"},\"query-input\":{\"@type\":\"PropertyValueSpecification\",\"valueRequired\":true,\"valueName\":\"search_term_string\"}}],\"inLanguage\":\"ca\"},{\"@type\":\"Organization\",\"@id\":\"https:\/\/koiliako.com\/ca\/#organization\",\"name\":\"Koiliako\",\"url\":\"https:\/\/koiliako.com\/ca\/\",\"logo\":{\"@type\":\"ImageObject\",\"inLanguage\":\"ca\",\"@id\":\"https:\/\/koiliako.com\/ca\/#\/schema\/logo\/image\/\",\"url\":\"https:\/\/koiliako.com\/wp-content\/uploads\/2021\/11\/LOGO-KOILIAKOS-FINAL-scaled.jpg\",\"contentUrl\":\"https:\/\/koiliako.com\/wp-content\/uploads\/2021\/11\/LOGO-KOILIAKOS-FINAL-scaled.jpg\",\"width\":2560,\"height\":1810,\"caption\":\"Koiliako\"},\"image\":{\"@id\":\"https:\/\/koiliako.com\/ca\/#\/schema\/logo\/image\/\"},\"sameAs\":[\"https:\/\/www.facebook.com\/koiliako.shop\",\"https:\/\/www.instagram.com\/koiliako.shop\/\"]},{\"@type\":\"Person\",\"@id\":\"https:\/\/koiliako.com\/ca\/#\/schema\/person\/50e4111b3e7d7b6a9535f0a238a7cc8b\",\"name\":\"Marta V\u00e1zquez\",\"image\":{\"@type\":\"ImageObject\",\"inLanguage\":\"ca\",\"@id\":\"https:\/\/koiliako.com\/ca\/#\/schema\/person\/image\/\",\"url\":\"https:\/\/secure.gravatar.com\/avatar\/3b9ac19e7c09c69d22df54fe0daa4af2dfa6a58373ba1a82d95faef338d5ffd5?s=96&d=mm&r=g\",\"contentUrl\":\"https:\/\/secure.gravatar.com\/avatar\/3b9ac19e7c09c69d22df54fe0daa4af2dfa6a58373ba1a82d95faef338d5ffd5?s=96&d=mm&r=g\",\"caption\":\"Marta V\u00e1zquez\"},\"url\":\"https:\/\/koiliako.com\/ca\/author\/marta\/\"}]}<\/script>\n<!-- \/ Yoast SEO plugin. -->","yoast_head_json":{"title":"Paccheri farcits de bolonyesa gratinats - Koilia ko","description":"Pren-te una petita alegria amb aquesta bon\u00edssima recepta amb Paccheri sense gluten de Morelli farcits de bolonyesa.","robots":{"index":"index","follow":"follow","max-snippet":"max-snippet:-1","max-image-preview":"max-image-preview:large","max-video-preview":"max-video-preview:-1"},"canonical":"https:\/\/koiliako.com\/ca\/paccheri-farcits-de-bolonyesa-gratinats\/","og_locale":"ca_ES","og_type":"article","og_title":"Paccheri farcits de bolonyesa gratinats - Koilia ko","og_description":"Pren-te una petita alegria amb aquesta bon\u00edssima recepta amb Paccheri sense gluten de Morelli farcits de bolonyesa.","og_url":"https:\/\/koiliako.com\/ca\/paccheri-farcits-de-bolonyesa-gratinats\/","og_site_name":"Koilia ko","article_publisher":"https:\/\/www.facebook.com\/koiliako.shop","article_published_time":"2021-10-22T07:40:24+00:00","article_modified_time":"2021-10-22T07:40:26+00:00","og_image":[{"width":1936,"height":1936,"url":"https:\/\/koiliako.com\/wp-content\/uploads\/2021\/10\/04-13.jpg","type":"image\/jpeg"}],"author":"Marta V\u00e1zquez","twitter_card":"summary_large_image","twitter_misc":{"Escrit per":"Marta V\u00e1zquez","Temps estimat de lectura":"1 minut"},"schema":{"@context":"https:\/\/schema.org","@graph":[{"@type":"Article","@id":"https:\/\/koiliako.com\/ca\/paccheri-farcits-de-bolonyesa-gratinats\/#article","isPartOf":{"@id":"https:\/\/koiliako.com\/ca\/paccheri-farcits-de-bolonyesa-gratinats\/"},"author":{"name":"Marta V\u00e1zquez","@id":"https:\/\/koiliako.com\/ca\/#\/schema\/person\/50e4111b3e7d7b6a9535f0a238a7cc8b"},"headline":"Paccheri farcits de bolonyesa gratinats","datePublished":"2021-10-22T07:40:24+00:00","dateModified":"2021-10-22T07:40:26+00:00","mainEntityOfPage":{"@id":"https:\/\/koiliako.com\/ca\/paccheri-farcits-de-bolonyesa-gratinats\/"},"wordCount":248,"publisher":{"@id":"https:\/\/koiliako.com\/ca\/#organization"},"image":{"@id":"https:\/\/koiliako.com\/ca\/paccheri-farcits-de-bolonyesa-gratinats\/#primaryimage"},"thumbnailUrl":"https:\/\/koiliako.com\/wp-content\/uploads\/2021\/10\/04-13.jpg","keywords":["paccheri"],"articleSection":["Receptes"],"inLanguage":"ca"},{"@type":"WebPage","@id":"https:\/\/koiliako.com\/ca\/paccheri-farcits-de-bolonyesa-gratinats\/","url":"https:\/\/koiliako.com\/ca\/paccheri-farcits-de-bolonyesa-gratinats\/","name":"Paccheri farcits de bolonyesa gratinats - Koilia ko","isPartOf":{"@id":"https:\/\/koiliako.com\/ca\/#website"},"primaryImageOfPage":{"@id":"https:\/\/koiliako.com\/ca\/paccheri-farcits-de-bolonyesa-gratinats\/#primaryimage"},"image":{"@id":"https:\/\/koiliako.com\/ca\/paccheri-farcits-de-bolonyesa-gratinats\/#primaryimage"},"thumbnailUrl":"https:\/\/koiliako.com\/wp-content\/uploads\/2021\/10\/04-13.jpg","datePublished":"2021-10-22T07:40:24+00:00","dateModified":"2021-10-22T07:40:26+00:00","description":"Pren-te una petita alegria amb aquesta bon\u00edssima recepta amb Paccheri sense gluten de Morelli farcits de bolonyesa.","breadcrumb":{"@id":"https:\/\/koiliako.com\/ca\/paccheri-farcits-de-bolonyesa-gratinats\/#breadcrumb"},"inLanguage":"ca","potentialAction":[{"@type":"ReadAction","target":["https:\/\/koiliako.com\/ca\/paccheri-farcits-de-bolonyesa-gratinats\/"]}]},{"@type":"ImageObject","inLanguage":"ca","@id":"https:\/\/koiliako.com\/ca\/paccheri-farcits-de-bolonyesa-gratinats\/#primaryimage","url":"https:\/\/koiliako.com\/wp-content\/uploads\/2021\/10\/04-13.jpg","contentUrl":"https:\/\/koiliako.com\/wp-content\/uploads\/2021\/10\/04-13.jpg","width":1936,"height":1936,"caption":"paccheri con bolo\u00f1esa"},{"@type":"BreadcrumbList","@id":"https:\/\/koiliako.com\/ca\/paccheri-farcits-de-bolonyesa-gratinats\/#breadcrumb","itemListElement":[{"@type":"ListItem","position":1,"name":"Portada","item":"https:\/\/koiliako.com\/ca\/home\/"},{"@type":"ListItem","position":2,"name":"Paccheri farcits de bolonyesa gratinats"}]},{"@type":"WebSite","@id":"https:\/\/koiliako.com\/ca\/#website","url":"https:\/\/koiliako.com\/ca\/","name":"Koilia ko","description":"La teva botiga de pastes i sales sense gluten","publisher":{"@id":"https:\/\/koiliako.com\/ca\/#organization"},"potentialAction":[{"@type":"SearchAction","target":{"@type":"EntryPoint","urlTemplate":"https:\/\/koiliako.com\/ca\/?s={search_term_string}"},"query-input":{"@type":"PropertyValueSpecification","valueRequired":true,"valueName":"search_term_string"}}],"inLanguage":"ca"},{"@type":"Organization","@id":"https:\/\/koiliako.com\/ca\/#organization","name":"Koiliako","url":"https:\/\/koiliako.com\/ca\/","logo":{"@type":"ImageObject","inLanguage":"ca","@id":"https:\/\/koiliako.com\/ca\/#\/schema\/logo\/image\/","url":"https:\/\/koiliako.com\/wp-content\/uploads\/2021\/11\/LOGO-KOILIAKOS-FINAL-scaled.jpg","contentUrl":"https:\/\/koiliako.com\/wp-content\/uploads\/2021\/11\/LOGO-KOILIAKOS-FINAL-scaled.jpg","width":2560,"height":1810,"caption":"Koiliako"},"image":{"@id":"https:\/\/koiliako.com\/ca\/#\/schema\/logo\/image\/"},"sameAs":["https:\/\/www.facebook.com\/koiliako.shop","https:\/\/www.instagram.com\/koiliako.shop\/"]},{"@type":"Person","@id":"https:\/\/koiliako.com\/ca\/#\/schema\/person\/50e4111b3e7d7b6a9535f0a238a7cc8b","name":"Marta V\u00e1zquez","image":{"@type":"ImageObject","inLanguage":"ca","@id":"https:\/\/koiliako.com\/ca\/#\/schema\/person\/image\/","url":"https:\/\/secure.gravatar.com\/avatar\/3b9ac19e7c09c69d22df54fe0daa4af2dfa6a58373ba1a82d95faef338d5ffd5?s=96&d=mm&r=g","contentUrl":"https:\/\/secure.gravatar.com\/avatar\/3b9ac19e7c09c69d22df54fe0daa4af2dfa6a58373ba1a82d95faef338d5ffd5?s=96&d=mm&r=g","caption":"Marta V\u00e1zquez"},"url":"https:\/\/koiliako.com\/ca\/author\/marta\/"}]}},"_links":{"self":[{"href":"https:\/\/koiliako.com\/ca\/wp-json\/wp\/v2\/posts\/2101","targetHints":{"allow":["GET"]}}],"collection":[{"href":"https:\/\/koiliako.com\/ca\/wp-json\/wp\/v2\/posts"}],"about":[{"href":"https:\/\/koiliako.com\/ca\/wp-json\/wp\/v2\/types\/post"}],"author":[{"embeddable":true,"href":"https:\/\/koiliako.com\/ca\/wp-json\/wp\/v2\/users\/7"}],"replies":[{"embeddable":true,"href":"https:\/\/koiliako.com\/ca\/wp-json\/wp\/v2\/comments?post=2101"}],"version-history":[{"count":1,"href":"https:\/\/koiliako.com\/ca\/wp-json\/wp\/v2\/posts\/2101\/revisions"}],"predecessor-version":[{"id":2102,"href":"https:\/\/koiliako.com\/ca\/wp-json\/wp\/v2\/posts\/2101\/revisions\/2102"}],"wp:featuredmedia":[{"embeddable":true,"href":"https:\/\/koiliako.com\/ca\/wp-json\/wp\/v2\/media\/2092"}],"wp:attachment":[{"href":"https:\/\/koiliako.com\/ca\/wp-json\/wp\/v2\/media?parent=2101"}],"wp:term":[{"taxonomy":"category","embeddable":true,"href":"https:\/\/koiliako.com\/ca\/wp-json\/wp\/v2\/categories?post=2101"},{"taxonomy":"post_tag","embeddable":true,"href":"https:\/\/koiliako.com\/ca\/wp-json\/wp\/v2\/tags?post=2101"}],"curies":[{"name":"wp","href":"https:\/\/api.w.org\/{rel}","templated":true}]}}