{"id":3410,"date":"2023-02-22T10:53:47","date_gmt":"2023-02-22T09:53:47","guid":{"rendered":"https:\/\/koiliako.com\/calamari-amb-espinacs-i-tomaquet-cherry\/"},"modified":"2023-02-22T10:54:04","modified_gmt":"2023-02-22T09:54:04","slug":"calamari-amb-espinacs-i-tomaquet-cherry","status":"publish","type":"post","link":"https:\/\/koiliako.com\/ca\/calamari-amb-espinacs-i-tomaquet-cherry\/","title":{"rendered":"Calamari amb espinacs i tom\u00e0quet cherry"},"content":{"rendered":"\n<p>Una recepta saludable i f\u00e0cil de fer. Nosaltres l&#8217;hem fet amb espinacs i tom\u00e0quet cherry, per\u00f2 tamb\u00e9 es pot afegir pinyons o nous.<\/p>\n\n<figure class=\"wp-block-gallery has-nested-images columns-default is-cropped wp-block-gallery-1 is-layout-flex wp-block-gallery-is-layout-flex\">\n<figure class=\"wp-block-image size-large\"><img loading=\"lazy\" decoding=\"async\" width=\"1024\" height=\"1024\" data-id=\"3407\" src=\"https:\/\/koiliako.com\/wp-content\/uploads\/2023\/02\/Calamari-con-epsinacas-y-tomates-cherry-4-1024x1024.jpg\" alt=\"\" class=\"wp-image-3407\" srcset=\"https:\/\/koiliako.com\/wp-content\/uploads\/2023\/02\/Calamari-con-epsinacas-y-tomates-cherry-4-980x980.jpg 980w, https:\/\/koiliako.com\/wp-content\/uploads\/2023\/02\/Calamari-con-epsinacas-y-tomates-cherry-4-480x480.jpg 480w\" sizes=\"(min-width: 0px) and (max-width: 480px) 480px, (min-width: 481px) and (max-width: 980px) 980px, (min-width: 981px) 1024px, 100vw\" \/><\/figure>\n\n\n\n<figure class=\"wp-block-image size-large\"><img loading=\"lazy\" decoding=\"async\" width=\"1024\" height=\"1024\" data-id=\"3405\" src=\"https:\/\/koiliako.com\/wp-content\/uploads\/2023\/02\/Calamari-con-epsinacas-y-tomates-cherry-1-1024x1024.jpg\" alt=\"Recepta calamari sense gluten amb espinacs i tom&#xE0;quet cherry\" class=\"wp-image-3405\" srcset=\"https:\/\/koiliako.com\/wp-content\/uploads\/2023\/02\/Calamari-con-epsinacas-y-tomates-cherry-1-980x980.jpg 980w, https:\/\/koiliako.com\/wp-content\/uploads\/2023\/02\/Calamari-con-epsinacas-y-tomates-cherry-1-480x480.jpg 480w\" sizes=\"(min-width: 0px) and (max-width: 480px) 480px, (min-width: 481px) and (max-width: 980px) 980px, (min-width: 981px) 1024px, 100vw\" \/><\/figure>\n<\/figure>\n\n<p><strong>Ingredients (per a dues persones):<\/strong><\/p>\n\n<ul class=\"wp-block-list\">\n<li>250 g Calamari sense gluten de Morelli<\/li>\n\n\n\n<li>6 fulles mitjanes espinacs<\/li>\n\n\n\n<li>8 tom\u00e0quets cherry<\/li>\n\n\n\n<li>Sal<\/li>\n\n\n\n<li>Oli<\/li>\n\n\n\n<li>Pebre<\/li>\n<\/ul>\n\n<p><strong>Preparaci\u00f3:<\/strong><\/p>\n\n<ul class=\"wp-block-list\">\n<li>Posar a coure la pasta a una olla.<\/li>\n\n\n\n<li>Mentres, netejar els espinacs i tallar-los (si s\u00f3n molt grans). Seguidament, tallar per la meitat els tom\u00e0quets cherry. <\/li>\n\n\n\n<li>Quan la pasta estigui quasi al dente, posar els tom\u00e0quets i els espinacs a una paella amb una mica d\u2019oli i tapar durant 2 o 3 minuts. <\/li>\n\n\n\n<li>Finalment, barregem tot a la paella i afegim sal i pebre al gust. <\/li>\n<\/ul>\n<div data-block-name=\"woocommerce\/featured-product\" data-edit-mode=\"false\" data-min-height=\"375\" data-product-id=\"356\" class=\"wc-block-featured-product alignnone has-background-dim wp-block-woocommerce-featured-product\" style=\"min-height:375px;\"><div class=\"wc-block-featured-product__wrapper\"><div class=\"background-dim__overlay\" style=\"background-color: #000000\"><\/div><img decoding=\"async\" alt=\"CALAMARI BIO DE MA\u00cdZ Y ARROZ SIN GLUTEN (250g) Morelli\" class=\"wc-block-featured-product__background-image\" src=\"https:\/\/koiliako.com\/wp-content\/uploads\/2021\/01\/calamari-Morelli-3-1024x982.jpg\" style=\"object-fit: none;object-position: 50% 50%;\" \/><h2 class=\"wc-block-featured-product__title\">CALAMARI BIO DE MA\u00cdZ Y ARROZ SIN GLUTEN (250g) Morelli<\/h2><div class=\"wc-block-featured-product__description\"><p>Pasta sin gluten Bio en forma de anillas de calamar. Pasta con ma\u00edz y arroz, que invita a que se acompa\u00f1e con salsas con textura.<\/p>\n<\/div><div class=\"wc-block-featured-product__price\"><span class=\"woocommerce-Price-amount amount\">3,13<span class=\"woocommerce-Price-currencySymbol\">&euro;<\/span><\/span> <small class=\"woocommerce-price-suffix\">IVA incluido<\/small><\/div><div class=\"wc-block-featured-product__inner-blocks\">\n\n<div class=\"wp-block-buttons is-content-justification-center is-layout-flex wp-container-core-buttons-is-layout-16018d1d wp-block-buttons-is-layout-flex\">\n<div class=\"wp-block-button\"><a class=\"wp-block-button__link wp-element-button\" href=\"https:\/\/koiliako.com\/producto\/morelli-calamari-bio-de-maiz-y-arroz-sin-gluten-250g\/\">Comprar ara<\/a><\/div>\n<\/div>\n\n<\/div><\/div><\/div>","protected":false},"excerpt":{"rendered":"<p>Una recepta saludable i f\u00e0cil de fer. Nosaltres l&#8217;hem fet amb espinacs i tom\u00e0quet cherry, per\u00f2 tamb\u00e9 es pot afegir pinyons o nous. Ingredients (per a dues persones): Preparaci\u00f3:<\/p>\n","protected":false},"author":7,"featured_media":3406,"comment_status":"closed","ping_status":"closed","sticky":false,"template":"","format":"standard","meta":{"_et_pb_use_builder":"","_et_pb_old_content":"","_et_gb_content_width":"","inline_featured_image":false,"footnotes":""},"categories":[298],"tags":[451,585,492,431,540,586],"class_list":["post-3410","post","type-post","status-publish","format-standard","has-post-thumbnail","hentry","category-receptes","tag-calamari-ca","tag-espinacs","tag-morelli-ca","tag-recepta","tag-recepta-sense-gluten","tag-tomaquet-cherry"],"yoast_head":"<!-- This site is optimized with the Yoast SEO plugin v25.3.1 - https:\/\/yoast.com\/wordpress\/plugins\/seo\/ -->\n<title>Calamari amb espinacs i tom\u00e0quet cherry - Koilia ko<\/title>\n<meta name=\"description\" content=\"Calamari amb espinacs i tom\u00e0quet cherry - Koilia ko. Deliciosa recepta saludable i f\u00e0cil de fer. Veure m\u00e9s!\" \/>\n<meta name=\"robots\" content=\"index, follow, max-snippet:-1, max-image-preview:large, max-video-preview:-1\" \/>\n<link rel=\"canonical\" href=\"https:\/\/koiliako.com\/ca\/calamari-amb-espinacs-i-tomaquet-cherry\/\" \/>\n<meta property=\"og:locale\" content=\"ca_ES\" \/>\n<meta property=\"og:type\" content=\"article\" \/>\n<meta property=\"og:title\" content=\"Calamari amb espinacs i tom\u00e0quet cherry - Koilia ko\" \/>\n<meta property=\"og:description\" content=\"Calamari amb espinacs i tom\u00e0quet cherry - Koilia ko. Deliciosa recepta saludable i f\u00e0cil de fer. Veure m\u00e9s!\" \/>\n<meta property=\"og:url\" content=\"https:\/\/koiliako.com\/ca\/calamari-amb-espinacs-i-tomaquet-cherry\/\" \/>\n<meta property=\"og:site_name\" content=\"Koilia ko\" \/>\n<meta property=\"article:publisher\" content=\"https:\/\/www.facebook.com\/koiliako.shop\" \/>\n<meta property=\"article:published_time\" content=\"2023-02-22T09:53:47+00:00\" \/>\n<meta property=\"article:modified_time\" content=\"2023-02-22T09:54:04+00:00\" \/>\n<meta property=\"og:image\" content=\"https:\/\/koiliako.com\/wp-content\/uploads\/2023\/02\/Calamari-con-epsinacas-y-tomates-cherry-1.jpg\" \/>\n\t<meta property=\"og:image:width\" content=\"1500\" \/>\n\t<meta property=\"og:image:height\" content=\"1500\" \/>\n\t<meta property=\"og:image:type\" content=\"image\/jpeg\" \/>\n<meta name=\"author\" content=\"Marta V\u00e1zquez\" \/>\n<meta name=\"twitter:card\" content=\"summary_large_image\" \/>\n<meta name=\"twitter:label1\" content=\"Escrit per\" \/>\n\t<meta name=\"twitter:data1\" content=\"Marta V\u00e1zquez\" \/>\n\t<meta name=\"twitter:label2\" content=\"Temps estimat de lectura\" \/>\n\t<meta name=\"twitter:data2\" content=\"1 minut\" \/>\n<script type=\"application\/ld+json\" class=\"yoast-schema-graph\">{\"@context\":\"https:\/\/schema.org\",\"@graph\":[{\"@type\":\"Article\",\"@id\":\"https:\/\/koiliako.com\/ca\/calamari-amb-espinacs-i-tomaquet-cherry\/#article\",\"isPartOf\":{\"@id\":\"https:\/\/koiliako.com\/ca\/calamari-amb-espinacs-i-tomaquet-cherry\/\"},\"author\":{\"name\":\"Marta V\u00e1zquez\",\"@id\":\"https:\/\/koiliako.com\/ca\/#\/schema\/person\/50e4111b3e7d7b6a9535f0a238a7cc8b\"},\"headline\":\"Calamari amb espinacs i tom\u00e0quet cherry\",\"datePublished\":\"2023-02-22T09:53:47+00:00\",\"dateModified\":\"2023-02-22T09:54:04+00:00\",\"mainEntityOfPage\":{\"@id\":\"https:\/\/koiliako.com\/ca\/calamari-amb-espinacs-i-tomaquet-cherry\/\"},\"wordCount\":123,\"publisher\":{\"@id\":\"https:\/\/koiliako.com\/ca\/#organization\"},\"image\":{\"@id\":\"https:\/\/koiliako.com\/ca\/calamari-amb-espinacs-i-tomaquet-cherry\/#primaryimage\"},\"thumbnailUrl\":\"https:\/\/koiliako.com\/wp-content\/uploads\/2023\/02\/Calamari-con-epsinacas-y-tomates-cherry-1.jpg\",\"keywords\":[\"calamari\",\"espinacs\",\"morelli\",\"recepta\",\"recepta sense gluten\",\"tom\u00e0quet cherry\"],\"articleSection\":[\"Receptes\"],\"inLanguage\":\"ca\"},{\"@type\":\"WebPage\",\"@id\":\"https:\/\/koiliako.com\/ca\/calamari-amb-espinacs-i-tomaquet-cherry\/\",\"url\":\"https:\/\/koiliako.com\/ca\/calamari-amb-espinacs-i-tomaquet-cherry\/\",\"name\":\"Calamari amb espinacs i tom\u00e0quet cherry - Koilia ko\",\"isPartOf\":{\"@id\":\"https:\/\/koiliako.com\/ca\/#website\"},\"primaryImageOfPage\":{\"@id\":\"https:\/\/koiliako.com\/ca\/calamari-amb-espinacs-i-tomaquet-cherry\/#primaryimage\"},\"image\":{\"@id\":\"https:\/\/koiliako.com\/ca\/calamari-amb-espinacs-i-tomaquet-cherry\/#primaryimage\"},\"thumbnailUrl\":\"https:\/\/koiliako.com\/wp-content\/uploads\/2023\/02\/Calamari-con-epsinacas-y-tomates-cherry-1.jpg\",\"datePublished\":\"2023-02-22T09:53:47+00:00\",\"dateModified\":\"2023-02-22T09:54:04+00:00\",\"description\":\"Calamari amb espinacs i tom\u00e0quet cherry - Koilia ko. Deliciosa recepta saludable i f\u00e0cil de fer. Veure m\u00e9s!\",\"breadcrumb\":{\"@id\":\"https:\/\/koiliako.com\/ca\/calamari-amb-espinacs-i-tomaquet-cherry\/#breadcrumb\"},\"inLanguage\":\"ca\",\"potentialAction\":[{\"@type\":\"ReadAction\",\"target\":[\"https:\/\/koiliako.com\/ca\/calamari-amb-espinacs-i-tomaquet-cherry\/\"]}]},{\"@type\":\"ImageObject\",\"inLanguage\":\"ca\",\"@id\":\"https:\/\/koiliako.com\/ca\/calamari-amb-espinacs-i-tomaquet-cherry\/#primaryimage\",\"url\":\"https:\/\/koiliako.com\/wp-content\/uploads\/2023\/02\/Calamari-con-epsinacas-y-tomates-cherry-1.jpg\",\"contentUrl\":\"https:\/\/koiliako.com\/wp-content\/uploads\/2023\/02\/Calamari-con-epsinacas-y-tomates-cherry-1.jpg\",\"width\":1500,\"height\":1500,\"caption\":\"Receta calamari sin gluten con espinacas y tomate cherry\"},{\"@type\":\"BreadcrumbList\",\"@id\":\"https:\/\/koiliako.com\/ca\/calamari-amb-espinacs-i-tomaquet-cherry\/#breadcrumb\",\"itemListElement\":[{\"@type\":\"ListItem\",\"position\":1,\"name\":\"Portada\",\"item\":\"https:\/\/koiliako.com\/ca\/home\/\"},{\"@type\":\"ListItem\",\"position\":2,\"name\":\"Calamari amb espinacs i tom\u00e0quet cherry\"}]},{\"@type\":\"WebSite\",\"@id\":\"https:\/\/koiliako.com\/ca\/#website\",\"url\":\"https:\/\/koiliako.com\/ca\/\",\"name\":\"Koilia ko\",\"description\":\"La teva botiga de pastes i sales sense gluten\",\"publisher\":{\"@id\":\"https:\/\/koiliako.com\/ca\/#organization\"},\"potentialAction\":[{\"@type\":\"SearchAction\",\"target\":{\"@type\":\"EntryPoint\",\"urlTemplate\":\"https:\/\/koiliako.com\/ca\/?s={search_term_string}\"},\"query-input\":{\"@type\":\"PropertyValueSpecification\",\"valueRequired\":true,\"valueName\":\"search_term_string\"}}],\"inLanguage\":\"ca\"},{\"@type\":\"Organization\",\"@id\":\"https:\/\/koiliako.com\/ca\/#organization\",\"name\":\"Koiliako\",\"url\":\"https:\/\/koiliako.com\/ca\/\",\"logo\":{\"@type\":\"ImageObject\",\"inLanguage\":\"ca\",\"@id\":\"https:\/\/koiliako.com\/ca\/#\/schema\/logo\/image\/\",\"url\":\"https:\/\/koiliako.com\/wp-content\/uploads\/2021\/11\/LOGO-KOILIAKOS-FINAL-scaled.jpg\",\"contentUrl\":\"https:\/\/koiliako.com\/wp-content\/uploads\/2021\/11\/LOGO-KOILIAKOS-FINAL-scaled.jpg\",\"width\":2560,\"height\":1810,\"caption\":\"Koiliako\"},\"image\":{\"@id\":\"https:\/\/koiliako.com\/ca\/#\/schema\/logo\/image\/\"},\"sameAs\":[\"https:\/\/www.facebook.com\/koiliako.shop\",\"https:\/\/www.instagram.com\/koiliako.shop\/\"]},{\"@type\":\"Person\",\"@id\":\"https:\/\/koiliako.com\/ca\/#\/schema\/person\/50e4111b3e7d7b6a9535f0a238a7cc8b\",\"name\":\"Marta V\u00e1zquez\",\"image\":{\"@type\":\"ImageObject\",\"inLanguage\":\"ca\",\"@id\":\"https:\/\/koiliako.com\/ca\/#\/schema\/person\/image\/\",\"url\":\"https:\/\/secure.gravatar.com\/avatar\/3b9ac19e7c09c69d22df54fe0daa4af2dfa6a58373ba1a82d95faef338d5ffd5?s=96&d=mm&r=g\",\"contentUrl\":\"https:\/\/secure.gravatar.com\/avatar\/3b9ac19e7c09c69d22df54fe0daa4af2dfa6a58373ba1a82d95faef338d5ffd5?s=96&d=mm&r=g\",\"caption\":\"Marta V\u00e1zquez\"},\"url\":\"https:\/\/koiliako.com\/ca\/author\/marta\/\"}]}<\/script>\n<!-- \/ Yoast SEO plugin. -->","yoast_head_json":{"title":"Calamari amb espinacs i tom\u00e0quet cherry - Koilia ko","description":"Calamari amb espinacs i tom\u00e0quet cherry - Koilia ko. Deliciosa recepta saludable i f\u00e0cil de fer. Veure m\u00e9s!","robots":{"index":"index","follow":"follow","max-snippet":"max-snippet:-1","max-image-preview":"max-image-preview:large","max-video-preview":"max-video-preview:-1"},"canonical":"https:\/\/koiliako.com\/ca\/calamari-amb-espinacs-i-tomaquet-cherry\/","og_locale":"ca_ES","og_type":"article","og_title":"Calamari amb espinacs i tom\u00e0quet cherry - Koilia ko","og_description":"Calamari amb espinacs i tom\u00e0quet cherry - Koilia ko. Deliciosa recepta saludable i f\u00e0cil de fer. Veure m\u00e9s!","og_url":"https:\/\/koiliako.com\/ca\/calamari-amb-espinacs-i-tomaquet-cherry\/","og_site_name":"Koilia ko","article_publisher":"https:\/\/www.facebook.com\/koiliako.shop","article_published_time":"2023-02-22T09:53:47+00:00","article_modified_time":"2023-02-22T09:54:04+00:00","og_image":[{"width":1500,"height":1500,"url":"https:\/\/koiliako.com\/wp-content\/uploads\/2023\/02\/Calamari-con-epsinacas-y-tomates-cherry-1.jpg","type":"image\/jpeg"}],"author":"Marta V\u00e1zquez","twitter_card":"summary_large_image","twitter_misc":{"Escrit per":"Marta V\u00e1zquez","Temps estimat de lectura":"1 minut"},"schema":{"@context":"https:\/\/schema.org","@graph":[{"@type":"Article","@id":"https:\/\/koiliako.com\/ca\/calamari-amb-espinacs-i-tomaquet-cherry\/#article","isPartOf":{"@id":"https:\/\/koiliako.com\/ca\/calamari-amb-espinacs-i-tomaquet-cherry\/"},"author":{"name":"Marta V\u00e1zquez","@id":"https:\/\/koiliako.com\/ca\/#\/schema\/person\/50e4111b3e7d7b6a9535f0a238a7cc8b"},"headline":"Calamari amb espinacs i tom\u00e0quet cherry","datePublished":"2023-02-22T09:53:47+00:00","dateModified":"2023-02-22T09:54:04+00:00","mainEntityOfPage":{"@id":"https:\/\/koiliako.com\/ca\/calamari-amb-espinacs-i-tomaquet-cherry\/"},"wordCount":123,"publisher":{"@id":"https:\/\/koiliako.com\/ca\/#organization"},"image":{"@id":"https:\/\/koiliako.com\/ca\/calamari-amb-espinacs-i-tomaquet-cherry\/#primaryimage"},"thumbnailUrl":"https:\/\/koiliako.com\/wp-content\/uploads\/2023\/02\/Calamari-con-epsinacas-y-tomates-cherry-1.jpg","keywords":["calamari","espinacs","morelli","recepta","recepta sense gluten","tom\u00e0quet cherry"],"articleSection":["Receptes"],"inLanguage":"ca"},{"@type":"WebPage","@id":"https:\/\/koiliako.com\/ca\/calamari-amb-espinacs-i-tomaquet-cherry\/","url":"https:\/\/koiliako.com\/ca\/calamari-amb-espinacs-i-tomaquet-cherry\/","name":"Calamari amb espinacs i tom\u00e0quet cherry - Koilia ko","isPartOf":{"@id":"https:\/\/koiliako.com\/ca\/#website"},"primaryImageOfPage":{"@id":"https:\/\/koiliako.com\/ca\/calamari-amb-espinacs-i-tomaquet-cherry\/#primaryimage"},"image":{"@id":"https:\/\/koiliako.com\/ca\/calamari-amb-espinacs-i-tomaquet-cherry\/#primaryimage"},"thumbnailUrl":"https:\/\/koiliako.com\/wp-content\/uploads\/2023\/02\/Calamari-con-epsinacas-y-tomates-cherry-1.jpg","datePublished":"2023-02-22T09:53:47+00:00","dateModified":"2023-02-22T09:54:04+00:00","description":"Calamari amb espinacs i tom\u00e0quet cherry - Koilia ko. Deliciosa recepta saludable i f\u00e0cil de fer. Veure m\u00e9s!","breadcrumb":{"@id":"https:\/\/koiliako.com\/ca\/calamari-amb-espinacs-i-tomaquet-cherry\/#breadcrumb"},"inLanguage":"ca","potentialAction":[{"@type":"ReadAction","target":["https:\/\/koiliako.com\/ca\/calamari-amb-espinacs-i-tomaquet-cherry\/"]}]},{"@type":"ImageObject","inLanguage":"ca","@id":"https:\/\/koiliako.com\/ca\/calamari-amb-espinacs-i-tomaquet-cherry\/#primaryimage","url":"https:\/\/koiliako.com\/wp-content\/uploads\/2023\/02\/Calamari-con-epsinacas-y-tomates-cherry-1.jpg","contentUrl":"https:\/\/koiliako.com\/wp-content\/uploads\/2023\/02\/Calamari-con-epsinacas-y-tomates-cherry-1.jpg","width":1500,"height":1500,"caption":"Receta calamari sin gluten con espinacas y tomate cherry"},{"@type":"BreadcrumbList","@id":"https:\/\/koiliako.com\/ca\/calamari-amb-espinacs-i-tomaquet-cherry\/#breadcrumb","itemListElement":[{"@type":"ListItem","position":1,"name":"Portada","item":"https:\/\/koiliako.com\/ca\/home\/"},{"@type":"ListItem","position":2,"name":"Calamari amb espinacs i tom\u00e0quet cherry"}]},{"@type":"WebSite","@id":"https:\/\/koiliako.com\/ca\/#website","url":"https:\/\/koiliako.com\/ca\/","name":"Koilia ko","description":"La teva botiga de pastes i sales sense gluten","publisher":{"@id":"https:\/\/koiliako.com\/ca\/#organization"},"potentialAction":[{"@type":"SearchAction","target":{"@type":"EntryPoint","urlTemplate":"https:\/\/koiliako.com\/ca\/?s={search_term_string}"},"query-input":{"@type":"PropertyValueSpecification","valueRequired":true,"valueName":"search_term_string"}}],"inLanguage":"ca"},{"@type":"Organization","@id":"https:\/\/koiliako.com\/ca\/#organization","name":"Koiliako","url":"https:\/\/koiliako.com\/ca\/","logo":{"@type":"ImageObject","inLanguage":"ca","@id":"https:\/\/koiliako.com\/ca\/#\/schema\/logo\/image\/","url":"https:\/\/koiliako.com\/wp-content\/uploads\/2021\/11\/LOGO-KOILIAKOS-FINAL-scaled.jpg","contentUrl":"https:\/\/koiliako.com\/wp-content\/uploads\/2021\/11\/LOGO-KOILIAKOS-FINAL-scaled.jpg","width":2560,"height":1810,"caption":"Koiliako"},"image":{"@id":"https:\/\/koiliako.com\/ca\/#\/schema\/logo\/image\/"},"sameAs":["https:\/\/www.facebook.com\/koiliako.shop","https:\/\/www.instagram.com\/koiliako.shop\/"]},{"@type":"Person","@id":"https:\/\/koiliako.com\/ca\/#\/schema\/person\/50e4111b3e7d7b6a9535f0a238a7cc8b","name":"Marta V\u00e1zquez","image":{"@type":"ImageObject","inLanguage":"ca","@id":"https:\/\/koiliako.com\/ca\/#\/schema\/person\/image\/","url":"https:\/\/secure.gravatar.com\/avatar\/3b9ac19e7c09c69d22df54fe0daa4af2dfa6a58373ba1a82d95faef338d5ffd5?s=96&d=mm&r=g","contentUrl":"https:\/\/secure.gravatar.com\/avatar\/3b9ac19e7c09c69d22df54fe0daa4af2dfa6a58373ba1a82d95faef338d5ffd5?s=96&d=mm&r=g","caption":"Marta V\u00e1zquez"},"url":"https:\/\/koiliako.com\/ca\/author\/marta\/"}]}},"_links":{"self":[{"href":"https:\/\/koiliako.com\/ca\/wp-json\/wp\/v2\/posts\/3410","targetHints":{"allow":["GET"]}}],"collection":[{"href":"https:\/\/koiliako.com\/ca\/wp-json\/wp\/v2\/posts"}],"about":[{"href":"https:\/\/koiliako.com\/ca\/wp-json\/wp\/v2\/types\/post"}],"author":[{"embeddable":true,"href":"https:\/\/koiliako.com\/ca\/wp-json\/wp\/v2\/users\/7"}],"replies":[{"embeddable":true,"href":"https:\/\/koiliako.com\/ca\/wp-json\/wp\/v2\/comments?post=3410"}],"version-history":[{"count":3,"href":"https:\/\/koiliako.com\/ca\/wp-json\/wp\/v2\/posts\/3410\/revisions"}],"predecessor-version":[{"id":3413,"href":"https:\/\/koiliako.com\/ca\/wp-json\/wp\/v2\/posts\/3410\/revisions\/3413"}],"wp:featuredmedia":[{"embeddable":true,"href":"https:\/\/koiliako.com\/ca\/wp-json\/wp\/v2\/media\/3406"}],"wp:attachment":[{"href":"https:\/\/koiliako.com\/ca\/wp-json\/wp\/v2\/media?parent=3410"}],"wp:term":[{"taxonomy":"category","embeddable":true,"href":"https:\/\/koiliako.com\/ca\/wp-json\/wp\/v2\/categories?post=3410"},{"taxonomy":"post_tag","embeddable":true,"href":"https:\/\/koiliako.com\/ca\/wp-json\/wp\/v2\/tags?post=3410"}],"curies":[{"name":"wp","href":"https:\/\/api.w.org\/{rel}","templated":true}]}}